{"id":598,"date":"2024-09-11T12:13:52","date_gmt":"2024-09-11T10:13:52","guid":{"rendered":"https:\/\/elkok.dk\/?p=598"},"modified":"2024-09-11T12:13:52","modified_gmt":"2024-09-11T10:13:52","slug":"langt-men-godt","status":"publish","type":"post","link":"https:\/\/elkok.dk\/index.php\/2024\/09\/11\/langt-men-godt\/","title":{"rendered":"Langt men godt"},"content":{"rendered":"\n<blockquote class=\"wp-block-quote is-layout-flow wp-block-quote-is-layout-flow\">\n<p>Langt men godt\u201d <\/p>\n<\/blockquote>\n\n\n\n<p>Det er efterh\u00e5nden blevet overskriften den seneste tid, hvad ang\u00e5r mine indl\u00e6gs l\u00e6ngder. Det er sv\u00e6rt at g\u00f8re det meget kortere, p\u00e5 den anden side skal det jo heller ikke v\u00e6re en roman &#8220;hver gang.&#8221;\ud83d\ude03<\/p>\n\n\n\n<p>Er derimod super glad for at min k\u00e6re datter tager det med et smil, og siger \u201cdet er godt og relevant s\u00e5 det g\u00f8r ikke noget.\u201d \u2764\ufe0f<\/p>\n\n\n\n<p>Det er vidst ingen hemmelighed, at jeg kan lide at snakke, og g\u00f8r det gerne lystigt med alle. Jeg er nysgerrig, \u00e5ben, \u00e6rlig og k\u00e6rlig sindet (Dette er IKKE en dating annonce), noget lidt nyt er derimod lysten til at formidle. Alt lige fra mine elskede hobbyer, om outdoor livet, tr\u00e6 snitteri, naturen eller min f\u00e6rden her (med Larsen i Fodsporet), for slet ikke at n\u00e6vne det job relaterede som diverse tr\u00e6ninger, kurser og workshop.&nbsp;<\/p>\n\n\n\n<p>Jeg elsker det, og det giver mig energi at se, n\u00e5r andre fanger lidt af den entusiasme og k\u00e6rlighed, jeg har til en ting, et emne eller h\u00e5ndv\u00e6rk. Tak til alle jer der ogs\u00e5 giver mig energi tilbage p\u00e5 den konto. \ud83d\ude4f\ud83c\udffb\ud83d\ude4f\ud83c\udffb<\/p>\n\n\n\n<p>5. september fortsat..<\/p>\n\n\n\n<p>Inden jeg lagde mig til ro, m\u00e5tte jeg lige se, hvad den \u201clarm\u201d var for noget. Det var s\u00e5 en n\u00e6rliggende Biergarten som havde live musik.<\/p>\n\n\n\n<p>Sikke en oplevelse, ik at jeg skal have mange af dem p\u00e5 denne tur, men det var virkelig en fed oplevelse.<\/p>\n\n\n\n<p>Jeg havde tidligere p\u00e5 dagen v\u00e6ret i kontakt med Silas og Anja vedr\u00f8rende hans 16 \u00e5rs f\u00f8dselsdag, en uge efter min hjemkomst til Danmark.<\/p>\n\n\n\n<p>Planen var lagt og den stod p\u00e5 fest for vennerne.&nbsp;<\/p>\n\n\n\n<p>Man kan vel sige at jeg smug tr\u00e6nede lidt af den lokale k\u00f6lsch, igen slet ikke d\u00e5rligt.<\/p>\n\n\n\n<p>Det foregik til en blanding af live optr\u00e6den (syngende) i Joe Cocker stil, siddende og med konstant sm\u00f8g i mundvigen, samt en god blanding af gode kendte rocksange, og noget lokalt, faktisk ganske godt. Fed atmosf\u00e6re og stemning.<\/p>\n\n\n\n<p>Inden \u00f8llene kom i lange baner, n\u00e5ede jeg at f\u00e5 lidt mad, \u201cselvf\u00f8lgelig\u201d ganske godt. \ud83d\ude03\ud83d\udcaa\ud83c\udffb<\/p>\n\n\n\n<p>6 september<\/p>\n\n\n\n<p>Forn\u00f8jelsen af endnu et damplokomotiv som nabo, heldigvis gik dampen ud ved 2-3-tiden.&nbsp;<\/p>\n\n\n\n<p>Det lader til, at det kan v\u00e6re en fordel at v\u00e6re elektriker, selv p\u00e5 sin ferie i kraft af at hverken telefonen eller Powerbank var ladet helt op. Heldigvis fandt jeg syndere, for hele den ene side af campingpladsen var der str\u00f8mforsyning der har sl\u00e5et et rel\u00e6, m\u00e6rkeligt at ingen andre har reageret.&nbsp;<\/p>\n\n\n\n<p>Forsinket men sikkert kom jeg af sted p\u00e5 halve batterier, turen skal g\u00e5 mig t\u00e6ttere p\u00e5 byen Euskirchen.<\/p>\n\n\n<div class=\"wp-block-image\">\n<figure class=\"alignright size-large\"><img loading=\"lazy\" decoding=\"async\" width=\"1024\" height=\"1012\" src=\"https:\/\/elkok.dk\/wp-content\/uploads\/2024\/09\/Skaermbillede-2024-09-11-kl.-11.55.10-1024x1012.png\" alt=\"\" class=\"wp-image-601\" srcset=\"https:\/\/elkok.dk\/wp-content\/uploads\/2024\/09\/Skaermbillede-2024-09-11-kl.-11.55.10-1024x1012.png 1024w, https:\/\/elkok.dk\/wp-content\/uploads\/2024\/09\/Skaermbillede-2024-09-11-kl.-11.55.10-300x297.png 300w, https:\/\/elkok.dk\/wp-content\/uploads\/2024\/09\/Skaermbillede-2024-09-11-kl.-11.55.10-768x759.png 768w, https:\/\/elkok.dk\/wp-content\/uploads\/2024\/09\/Skaermbillede-2024-09-11-kl.-11.55.10.png 1058w\" sizes=\"(max-width: 1024px) 100vw, 1024px\" \/><\/figure>\n<\/div>\n\n\n<p>Bare et tip til forbedring, s\u00e5fremt at man laver renovering af for eksempel en stor bro, og i den forbindelse \u00f8nsker at afsp\u00e6rre den. G\u00f8r det i begge ender, s\u00e5 det ikke kun er p\u00e5 den ene side, s\u00e5 det ikke kun er i siden med skiltet hvor der st\u00e5r at der er blokeret.<\/p>\n\n\n\n<p>Som i reglen uden undtagelse s\u00e5 endte jeg i en lille by ved navn Kirchheim, som hverken havde AirBnB, hoteller eller campingpladser. Derimod havde Booking.com en aftale om udlejning af en lejlighed, n\u00e6sten lige s\u00e5 billigt som en campingplads, og under halv pris af normale \u201cbudgethoteller\u201d s\u00e5 det skulle pr\u00f8ves.<\/p>\n\n\n<div class=\"wp-block-image\">\n<figure class=\"alignright size-large\"><img loading=\"lazy\" decoding=\"async\" width=\"1022\" height=\"1024\" src=\"https:\/\/elkok.dk\/wp-content\/uploads\/2024\/09\/Skaermbillede-2024-09-11-kl.-11.56.16-1022x1024.png\" alt=\"\" class=\"wp-image-602\" srcset=\"https:\/\/elkok.dk\/wp-content\/uploads\/2024\/09\/Skaermbillede-2024-09-11-kl.-11.56.16-1022x1024.png 1022w, https:\/\/elkok.dk\/wp-content\/uploads\/2024\/09\/Skaermbillede-2024-09-11-kl.-11.56.16-300x300.png 300w, https:\/\/elkok.dk\/wp-content\/uploads\/2024\/09\/Skaermbillede-2024-09-11-kl.-11.56.16-150x150.png 150w, https:\/\/elkok.dk\/wp-content\/uploads\/2024\/09\/Skaermbillede-2024-09-11-kl.-11.56.16-768x769.png 768w, https:\/\/elkok.dk\/wp-content\/uploads\/2024\/09\/Skaermbillede-2024-09-11-kl.-11.56.16.png 1050w\" sizes=\"(max-width: 1022px) 100vw, 1022px\" \/><\/figure>\n<\/div>\n\n\n<p>Sikke en velkomst. Jeg blev forvandlet fra en ildelugtende, svedig og tr\u00e6t Klods Hans til Hr. Larsen. Jeg havde ganske rigtigt hele stueetagen for mig selv + eget badev\u00e6relse\/ toilet p\u00e5 1. salen. Udover en vildt dejlig dobbeltseng og lige s\u00e5 dejlig dyne, s\u00e5 var der en massagestol i stuen.<\/p>\n\n\n\n<p>Der var jeg blevet menneske igen, med b\u00e5de bad, rent t\u00f8j og spist lakse tagliatelle med spinat (det skulle jo v\u00e6re nemt.\ud83d\ude09) S\u00e5 skulle den der massagestol lige pr\u00f8ves, bagefter skulle jeg lige have lagt plan for de n\u00e6ste par dage.<\/p>\n\n\n\n<p>Faktummet var at efter to omgange massage var jeg grydeklar, og kunne lige sl\u00e6be mig ind i seng, og s\u00e5 godnat kl 20:08.<\/p>\n\n\n\n<p>V\u00e5gnede kort ved 22.30 tiden af at v\u00e6rtinden lige skulle sige godnat og tjekke om alt var som det skulle v\u00e6re.<\/p>\n\n\n\n<p>Jeg var m\u00e5ske en lidt anderledes g\u00e6st, for hun kommenterede da p\u00e5 at jeg hverken havde l\u00e5st eller lukket d\u00f8ren helt, s\u00e5dan er jeg. \ud83d\ude03\ud83d\ude4f\ud83c\udffb<\/p>\n\n\n\n<p>7 september&nbsp;<\/p>\n\n\n\n<p>07:11 v\u00e5gnede jeg, og kunne m\u00e6rke at den stakkels dyne ville savne mig helt vild hvis jeg ikke lige blev lidt l\u00e6ngere. (Undskyld Fakta, for l\u00e5n af motto uden lov.)&nbsp;<\/p>\n\n\n\n<p>Omkring ved 8 tiden blev jeg budt p\u00e5 en kop kaffe, s\u00e5 det var vel ogs\u00e5 et lille hint om at komme ud af fjerene. Jeg havde dog i mellemtiden kigget lidt p\u00e5 en plan, og lavet en AirBnB reservation til s\u00f8ndag i Pr\u00fcm, og hvor et naturligt mellemstop ville v\u00e6re Blankenheim.<\/p>\n\n\n\n<p>Fakta &#8211; Ting du sikkert ikke vidste om vandring<\/p>\n\n\n\n<ul class=\"wp-block-list\">\n<li>Fodt\u00f8jet er det vigtigste, altid holde det t\u00f8rt. For str\u00e6kninger mere end 20 km er det en god ide lige at smide skoene og sokkerne og lufte lidt, da f\u00f8dderne udvider sig med varme.&nbsp;<\/li>\n\n\n\n<li>Hvis dit fodt\u00f8j ikke passer fra start af, kommer det aldrig til at passe. Det skal sidde perfekt lige fra starten af, hvis vi snakker om fodt\u00f8j som ikke er kernel\u00e6der.<\/li>\n\n\n\n<li>Gode sokker, med en vis tykkelse s\u00e5 de b\u00e5de har mulighed for at kunne suge fugt, og absorbere st\u00f8d. Tynde str\u00f8mper er ikke en fordel.<\/li>\n\n\n\n<li>S\u00f8rg for rigelig v\u00e6ske, to til tre liter i l\u00f8bet af d\u00f8gnet, ogs\u00e5 selvom det er koldt, for man sveder alligevel.&nbsp;<\/li>\n\n\n\n<li>I uj\u00e6vn terr\u00e6n kan vandrestave v\u00e6re en fordel. De st\u00f8tter og er med til at holde balance, samtidig tager de en del af v\u00e6gten.<\/li>\n\n\n\n<li>P\u00e5 lange vandreture som denne her, er det ikke unormalt at f\u00f8dderne g\u00f8r ondt den f\u00f8rste halve time, de er bare \u00f8mme. \ud83d\ude09<\/li>\n\n\n\n<li>Hvis du f\u00e5r vabler, skyldes det h\u00f8jst sandsynligt forkert fodt\u00f8j eller fugtige str\u00f8mper. Hvordan man h\u00e5ndterer vablerne, kan v\u00e6re meget individuelt. Jeg prikker hul, et forholdsvis stort hul og trykker v\u00e6sken ud, og n\u00e5r jeg skal sove, sm\u00f8rer jeg det med et tykt lag af zink creme, samt kommer et plaster p\u00e5, (almindelig plaster) kun over natten. Efter to dage er der ingen vabel.<\/li>\n<\/ul>\n\n\n\n<p>Samtlige 6 henvendelser om ophold i Blankenheim blev afvist, og en sikker mulighed for wildcamp var der langt fra, s\u00e5 jeg gik l\u00e6ngere vestp\u00e5 til Schleiden, med det minus at der s\u00e5 var v\u00e6sentlig l\u00e6ngere til Pr\u00fcm. Men der blev jeg godkendt.<\/p>\n\n\n\n<p>Skovvandring blev en del af dagens tur. Samtidig med at det var godt og vel 24 grader ved 11-tiden, var der ogs\u00e5 en h\u00f8j luftfugtighed. Lige pludselig kunne jeg dufte svampe i skovbunden, en helt s\u00e6rlig duft. Der er ingen tvivl om, at der var masser af svampe rundt omkring, ogs\u00e5 dybt nede i skovbunden. Det tog ikke mange minutter f\u00f8r jeg m\u00f8dte et \u00e6ldre \u00e6gtepar, med Mutter inde i skovbunden med m\u00e5sen i vejret og fatter st\u00e5ende p\u00e5 stien. Diskret og venligt pegede de med stokken, hvor de forskellige svampe var. Da alt foregik p\u00e5 tysk var det ikke meget jeg fik ud af det, men jeg fik dog set en helt kurv fyldt store, flotte svampe af r\u00f8rhatte.<\/p>\n\n\n\n<p>Fordi jeg ikke er bekendt med svampeplukning, er det vigtigt at de bliver sk\u00e5ret af. Svampen er selve frugten og hele organismen, lidt ligesom toppen af et isbjerg. Det er en tiendedel af det vi ser, som er svampen. Resten er under jorden, og i symbiose med omkringliggende tr\u00e6er.<\/p>\n\n\n<div class=\"wp-block-image\">\n<figure class=\"alignright size-large\"><img loading=\"lazy\" decoding=\"async\" width=\"1024\" height=\"1012\" src=\"https:\/\/elkok.dk\/wp-content\/uploads\/2024\/09\/Skaermbillede-2024-09-11-kl.-12.01.22-1024x1012.png\" alt=\"\" class=\"wp-image-603\" srcset=\"https:\/\/elkok.dk\/wp-content\/uploads\/2024\/09\/Skaermbillede-2024-09-11-kl.-12.01.22-1024x1012.png 1024w, https:\/\/elkok.dk\/wp-content\/uploads\/2024\/09\/Skaermbillede-2024-09-11-kl.-12.01.22-300x297.png 300w, https:\/\/elkok.dk\/wp-content\/uploads\/2024\/09\/Skaermbillede-2024-09-11-kl.-12.01.22-768x759.png 768w, https:\/\/elkok.dk\/wp-content\/uploads\/2024\/09\/Skaermbillede-2024-09-11-kl.-12.01.22.png 1064w\" sizes=\"(max-width: 1024px) 100vw, 1024px\" \/><\/figure>\n<\/div>\n\n\n<p>Kirken der er billeder af, er en smuk katolsk kirke ved navn Pfarrkirche Heiligkreuz i byen Kreuzweingarten<\/p>\n\n\n<div class=\"wp-block-image\">\n<figure class=\"alignright size-full\"><img loading=\"lazy\" decoding=\"async\" width=\"730\" height=\"346\" src=\"https:\/\/elkok.dk\/wp-content\/uploads\/2024\/09\/Skaermbillede-2024-09-11-kl.-12.04.33.png\" alt=\"\" class=\"wp-image-604\" srcset=\"https:\/\/elkok.dk\/wp-content\/uploads\/2024\/09\/Skaermbillede-2024-09-11-kl.-12.04.33.png 730w, https:\/\/elkok.dk\/wp-content\/uploads\/2024\/09\/Skaermbillede-2024-09-11-kl.-12.04.33-300x142.png 300w\" sizes=\"(max-width: 730px) 100vw, 730px\" \/><\/figure>\n<\/div>\n\n\n<p>(Kom forbi et slot hvor der var golf, virkeligt smukt, Burg Zievel Mechernich)&nbsp;<\/p>\n\n\n\n<p>Jeg n\u00e5ede sikkert frem, trods de vildeste bakker b\u00e5de op og ned og h\u00e5rn\u00e5lesving med mere. Nu er der bakker til \u201cHr. Larsen\u201d og det forts\u00e6tter frem til Frankrig.\ud83d\ude03\ud83e\udd23\ud83d\ude33<\/p>\n\n\n<div class=\"wp-block-image\">\n<figure class=\"alignright size-large\"><img loading=\"lazy\" decoding=\"async\" width=\"1020\" height=\"1024\" src=\"https:\/\/elkok.dk\/wp-content\/uploads\/2024\/09\/Skaermbillede-2024-09-11-kl.-12.05.29-1020x1024.png\" alt=\"\" class=\"wp-image-605\" srcset=\"https:\/\/elkok.dk\/wp-content\/uploads\/2024\/09\/Skaermbillede-2024-09-11-kl.-12.05.29-1020x1024.png 1020w, https:\/\/elkok.dk\/wp-content\/uploads\/2024\/09\/Skaermbillede-2024-09-11-kl.-12.05.29-300x300.png 300w, https:\/\/elkok.dk\/wp-content\/uploads\/2024\/09\/Skaermbillede-2024-09-11-kl.-12.05.29-150x150.png 150w, https:\/\/elkok.dk\/wp-content\/uploads\/2024\/09\/Skaermbillede-2024-09-11-kl.-12.05.29-768x771.png 768w, https:\/\/elkok.dk\/wp-content\/uploads\/2024\/09\/Skaermbillede-2024-09-11-kl.-12.05.29.png 1048w\" sizes=\"(max-width: 1020px) 100vw, 1020px\" \/><\/figure>\n<\/div>\n\n\n<p>Aften sluttede med lidt god mad, blev lidt inspireret af svampene i skoven, s\u00e5 med kantareller i kurven, s\u00e5 stod den p\u00e5 Risotto med kantareller broccoli stok og gedeost (den var blevet lidt svedig lige som mig, s\u00e5 den kom i.)<\/p>\n\n\n\n<p>Nu vil den flittige l\u00e6ser sikkert bem\u00e6rke at panden fortsat er i min besiddelse og ikke sendt hjem. Endnu en af livets mysterier\u2026 Nej slet ikke. Jeg inds\u00e5 at det ikke var den der vejede meget men gassen p\u00e5 450g + skovhonning i glas, (den for\u00e6rede jeg ogs\u00e5 til Rachel) s\u00e5 i morgen tidlig skal der laves vand risengr\u00f8d med \u00e6ble og traneb\u00e6r.<\/p>\n\n\n\n<p>Lidt ekstra billeder.<\/p>\n\n\n\n<figure class=\"wp-block-image size-full\"><img loading=\"lazy\" decoding=\"async\" width=\"726\" height=\"724\" src=\"https:\/\/elkok.dk\/wp-content\/uploads\/2024\/09\/Skaermbillede-2024-09-11-kl.-12.08.27.png\" alt=\"\" class=\"wp-image-606\" srcset=\"https:\/\/elkok.dk\/wp-content\/uploads\/2024\/09\/Skaermbillede-2024-09-11-kl.-12.08.27.png 726w, https:\/\/elkok.dk\/wp-content\/uploads\/2024\/09\/Skaermbillede-2024-09-11-kl.-12.08.27-300x300.png 300w, https:\/\/elkok.dk\/wp-content\/uploads\/2024\/09\/Skaermbillede-2024-09-11-kl.-12.08.27-150x150.png 150w\" sizes=\"(max-width: 726px) 100vw, 726px\" \/><\/figure>\n\n\n\n<figure class=\"wp-block-image size-full\"><img loading=\"lazy\" decoding=\"async\" width=\"728\" height=\"730\" src=\"https:\/\/elkok.dk\/wp-content\/uploads\/2024\/09\/Skaermbillede-2024-09-11-kl.-12.11.17.png\" alt=\"\" class=\"wp-image-607\" srcset=\"https:\/\/elkok.dk\/wp-content\/uploads\/2024\/09\/Skaermbillede-2024-09-11-kl.-12.11.17.png 728w, https:\/\/elkok.dk\/wp-content\/uploads\/2024\/09\/Skaermbillede-2024-09-11-kl.-12.11.17-300x300.png 300w, https:\/\/elkok.dk\/wp-content\/uploads\/2024\/09\/Skaermbillede-2024-09-11-kl.-12.11.17-150x150.png 150w\" sizes=\"(max-width: 728px) 100vw, 728px\" \/><\/figure>\n\n\n\n<figure class=\"wp-block-image size-full\"><img loading=\"lazy\" decoding=\"async\" width=\"734\" height=\"350\" src=\"https:\/\/elkok.dk\/wp-content\/uploads\/2024\/09\/Skaermbillede-2024-09-11-kl.-12.12.27.png\" alt=\"\" class=\"wp-image-608\" srcset=\"https:\/\/elkok.dk\/wp-content\/uploads\/2024\/09\/Skaermbillede-2024-09-11-kl.-12.12.27.png 734w, https:\/\/elkok.dk\/wp-content\/uploads\/2024\/09\/Skaermbillede-2024-09-11-kl.-12.12.27-300x143.png 300w\" sizes=\"(max-width: 734px) 100vw, 734px\" \/><\/figure>\n","protected":false},"excerpt":{"rendered":"<p>Langt men godt\u201d Det er efterh\u00e5nden blevet overskriften den seneste tid, hvad ang\u00e5r mine indl\u00e6gs l\u00e6ngder. Det er sv\u00e6rt at g\u00f8re det meget kortere, p\u00e5 den anden side skal det jo heller ikke v\u00e6re en roman &#8220;hver gang.&#8221;\ud83d\ude03 Er derimod super glad for at min k\u00e6re datter tager det med et smil, og siger \u201cdet [&hellip;]<\/p>\n","protected":false},"author":3,"featured_media":0,"comment_status":"open","ping_status":"open","sticky":false,"template":"","format":"standard","meta":{"saved_in_kubio":false,"footnotes":""},"categories":[1],"tags":[],"class_list":["post-598","post","type-post","status-publish","format-standard","hentry","category-ikke-kategoriseret"],"_links":{"self":[{"href":"https:\/\/elkok.dk\/index.php\/wp-json\/wp\/v2\/posts\/598","targetHints":{"allow":["GET"]}}],"collection":[{"href":"https:\/\/elkok.dk\/index.php\/wp-json\/wp\/v2\/posts"}],"about":[{"href":"https:\/\/elkok.dk\/index.php\/wp-json\/wp\/v2\/types\/post"}],"author":[{"embeddable":true,"href":"https:\/\/elkok.dk\/index.php\/wp-json\/wp\/v2\/users\/3"}],"replies":[{"embeddable":true,"href":"https:\/\/elkok.dk\/index.php\/wp-json\/wp\/v2\/comments?post=598"}],"version-history":[{"count":2,"href":"https:\/\/elkok.dk\/index.php\/wp-json\/wp\/v2\/posts\/598\/revisions"}],"predecessor-version":[{"id":609,"href":"https:\/\/elkok.dk\/index.php\/wp-json\/wp\/v2\/posts\/598\/revisions\/609"}],"wp:attachment":[{"href":"https:\/\/elkok.dk\/index.php\/wp-json\/wp\/v2\/media?parent=598"}],"wp:term":[{"taxonomy":"category","embeddable":true,"href":"https:\/\/elkok.dk\/index.php\/wp-json\/wp\/v2\/categories?post=598"},{"taxonomy":"post_tag","embeddable":true,"href":"https:\/\/elkok.dk\/index.php\/wp-json\/wp\/v2\/tags?post=598"}],"curies":[{"name":"wp","href":"https:\/\/api.w.org\/{rel}","templated":true}]}}